{"id":462,"date":"2025-06-13T13:29:14","date_gmt":"2025-06-13T11:29:14","guid":{"rendered":"http:\/\/www.bg-amtsschimmel.com\/?p=462"},"modified":"2025-06-13T13:29:28","modified_gmt":"2025-06-13T11:29:28","slug":"waffen","status":"publish","type":"post","link":"https:\/\/www.bg-amtsschimmel.com\/?p=462","title":{"rendered":"Waffen"},"content":{"rendered":"<p>Das Versagen der Politik und der Beh\u00f6rden wird hier wieder einmal als Vorwand genommen, anst\u00e4ndige Staatsb\u00fcrger, die Waffen besitzen zu entm\u00fcndigen. Wenn die Beh\u00f6rden Fehler machen, dann wird das den B\u00fcrgern in die Schuhe geschoben. Wir haben in \u00d6sterreich ein gutes Waffengesetz und man kann ohne weiteres nachsehen und nachvollziehen, warum z.B. der nicht beim Bundesheer war. Bei Versagen der Beh\u00f6rden wird immer ein Weg gesucht, um den anderen die Schuld zu geben und Teile der Bev\u00f6lkerung unm\u00fcndig zu erkl\u00e4ren und zu schikanieren. Vor Jahren wurde der Psychotest f\u00fcr Waffenbesitzer eingef\u00fchrt. Hier wurde eine Einnahmequelle&#160; f\u00fcr etliche Personen geschaffen. Man sollte die Gesetze dahin \u00e4ndern, wenn es welche gibt, dass Personen, die nicht beim Bundesheer waren oder Polizei und eine Waffe besitzen wollen, genauer gepr\u00fcft werden. Vor etlichen Jahren hat ein Polizist vors\u00e4tzlich eine Person erschossen (ich glaube das war in der Steiermark). Das unser Bundespr\u00e4sident gegen Waffen ist, ist klar. Er wird ja von Personen mit Waffen gesch\u00fctzt. Abgesehen davon habe ich Zweifel, ob er \u00fcberhaupt mit einer Waffe umgehen kann. Chicago hat Waffenverbot und die meisten Morde durch Waffen. Es ist bekannt, dass es in Amerika in Bundesstaaten wo Waffenverbot herrscht mehr Tote durch Waffen gibt, prozentuell, als in Bundesstaaten, wo es kein Waffenverbot gibt. Bei Vergehen durch Beh\u00f6rden h\u00f6re ich immer wieder Datenschutz, ein kompletter Irrsinn und L\u00fcge. In L\u00e4ndern (Diktaturstaaten) ist Waffenverbot, schlie\u00dft sich \u00d6sterreich den Diktaturen an? Mir hat vor Jahren ein junger Mensch erz\u00e4hlt, dass er keinen Jagdschein und Waffenbesitzkarte erh\u00e4lt, weil er das Bundesheer abgelehnt und Zivildienst geleistet hat. Ich finde das in Ordnung. Die \u00f6sterreichischen Politiker und Beh\u00f6rden sollten bei Entscheidungen Gehirn einschalten. Wenn \u00d6sterreich waffenfrei wird, wer reguliert dann den Wildbestand und wer sch\u00fctzt mein Leben?<\/p>\n<p>Ich hoffe, dass es in der Regierung anst\u00e4ndige Personen gibt, die bei der Gesetzgebung Hirn einschalten. <\/p>\n<p>Ich bin ein 77-j\u00e4hriger, \u00f6sterreichischer Staatsb\u00fcrger und seit \u00fcber 40 Jahren Waffenbesitzer. Oh du liebes \u00d6sterreich.<\/p>\n<p>PS.: Im Jahr 023 wurde ich in Wien von einem Burgenl\u00e4ndischen Polizisten mit dem Umbringen bedroht.&#160;&#160;&#160;&#160;&#160;&#160;&#160;&#160;&#160;&#160;&#160;&#160;&#160;&#160;&#160;&#160;&#160;&#160;&#160; <\/p>\n","protected":false},"excerpt":{"rendered":"<p>Das Versagen der Politik und der Beh\u00f6rden wird hier wieder einmal als Vorwand genommen, anst\u00e4ndige Staatsb\u00fcrger, die Waffen besitzen zu entm\u00fcndigen. Wenn die Beh\u00f6rden Fehler machen, dann wird das den B\u00fcrgern in die Schuhe geschoben. Wir haben in \u00d6sterreich ein gutes Waffengesetz und man kann ohne weiteres nachsehen und nachvollziehen, warum z.B. der nicht beim [&hellip;]<\/p>\n","protected":false},"author":2,"featured_media":0,"comment_status":"closed","ping_status":"closed","sticky":false,"template":"","format":"standard","meta":{"_mi_skip_tracking":false},"categories":[1],"tags":[],"_links":{"self":[{"href":"https:\/\/www.bg-amtsschimmel.com\/index.php?rest_route=\/wp\/v2\/posts\/462"}],"collection":[{"href":"https:\/\/www.bg-amtsschimmel.com\/index.php?rest_route=\/wp\/v2\/posts"}],"about":[{"href":"https:\/\/www.bg-amtsschimmel.com\/index.php?rest_route=\/wp\/v2\/types\/post"}],"author":[{"embeddable":true,"href":"https:\/\/www.bg-amtsschimmel.com\/index.php?rest_route=\/wp\/v2\/users\/2"}],"replies":[{"embeddable":true,"href":"https:\/\/www.bg-amtsschimmel.com\/index.php?rest_route=%2Fwp%2Fv2%2Fcomments&post=462"}],"version-history":[{"count":1,"href":"https:\/\/www.bg-amtsschimmel.com\/index.php?rest_route=\/wp\/v2\/posts\/462\/revisions"}],"predecessor-version":[{"id":463,"href":"https:\/\/www.bg-amtsschimmel.com\/index.php?rest_route=\/wp\/v2\/posts\/462\/revisions\/463"}],"wp:attachment":[{"href":"https:\/\/www.bg-amtsschimmel.com\/index.php?rest_route=%2Fwp%2Fv2%2Fmedia&parent=462"}],"wp:term":[{"taxonomy":"category","embeddable":true,"href":"https:\/\/www.bg-amtsschimmel.com\/index.php?rest_route=%2Fwp%2Fv2%2Fcategories&post=462"},{"taxonomy":"post_tag","embeddable":true,"href":"https:\/\/www.bg-amtsschimmel.com\/index.php?rest_route=%2Fwp%2Fv2%2Ftags&post=462"}],"curies":[{"name":"wp","href":"https:\/\/api.w.org\/{rel}","templated":true}]}}