{"id":321,"date":"2019-02-16T20:04:46","date_gmt":"2019-02-16T18:04:46","guid":{"rendered":"http:\/\/www.bg-amtsschimmel.com\/?p=321"},"modified":"2019-05-07T09:57:40","modified_gmt":"2019-05-07T07:57:40","slug":"vergleich","status":"publish","type":"post","link":"https:\/\/www.bg-amtsschimmel.com\/?p=321","title":{"rendered":"VERGLEICH"},"content":{"rendered":"<p>1)<\/p>\n<p>Der Angeklagte zieht die Behauptungen, n\u00e4mlich die \u00c4u\u00dferungen,&#160;&#160;&#160;&#160;&#160;&#160;&#160; die er bezogen auf den Privatankl\u00e4ger laut &lt;&gt;privatanklageantrag get\u00e4tigt hat sowie sinngem\u00e4\u00df \u00e4hnliche Behauptungen mit dem Ausdruck des Bedauerns zur\u00fcck.<\/p>\n<p>2) <\/p>\n<p>Der Angeklagte ist berechtigt, den Vergleichsinhalt ohne Anhang f\u00fcr die Dauer von 2 Monaten zu ver\u00f6ffentlichen, auf seinen Homepages <a href=\"http:\/\/www.bg-amtsschimmel.com\">www.bg-amtsschimmel.com<\/a> und www. ger-al. com.<\/p>\n<p>3)<\/p>\n<p>Der Angeklagte verpflichtet sich gegen\u00fcber dem PA die Proze\u00dfgeb\u00fchr i.H.v. \u20ac 269,00 in 2 Raten zu bezahlen, 1. Rate bis 5.4. und 2. Rate bis 5.5.2019,\u00dcberweisung auf Konto lt. ON1.<\/p>\n<p>4)<\/p>\n<p>Der Angeklagte wird den PA noch die IW\u00d6 zuk\u00fcnftigen Publikationen oder Veranstaltungen erw\u00e4hnen oder kommentieren sowie keine neuen Anzeigen erstatten und mit dem Thema IW\u00d6, f\u00fcr die Dauer einer leitenden oder Vorstandst\u00e4tigkeit des PA im&#160; Verein IW\u00d6, abzuschlie\u00dfen und sich jeglichen diesbez\u00fcglichen T\u00e4tigkeiten enthalten und bestehende Beitr\u00e4ge l\u00f6schen und sich bei anderen Betreibern (insbesondere bei \u201cquersch\u00fcsse\u201d) f\u00fcr die L\u00f6schung ein zusetzen (L\u00f6schungen bisw zum 20.2.2019).<\/p>\n<p>5)<\/p>\n<p>Mit RW des Vergleiches zieht der PA die gegenst\u00e4ndliche Privatanklage zur\u00fcck.&#160;&#160; <\/p>\n<p>1. Rate \u00fcber \u20ac 135,00 \u00fcberwiesen am 1.4.2019, 2. Rate \u00fcber \u20ac 134,00 \u00fcberwiesen am 30.4.2019.<\/p>\n","protected":false},"excerpt":{"rendered":"<p>1) Der Angeklagte zieht die Behauptungen, n\u00e4mlich die \u00c4u\u00dferungen,&#160;&#160;&#160;&#160;&#160;&#160;&#160; die er bezogen auf den Privatankl\u00e4ger laut &lt;&gt;privatanklageantrag get\u00e4tigt hat sowie sinngem\u00e4\u00df \u00e4hnliche Behauptungen mit dem Ausdruck des Bedauerns zur\u00fcck. 2) Der Angeklagte ist berechtigt, den Vergleichsinhalt ohne Anhang f\u00fcr die Dauer von 2 Monaten zu ver\u00f6ffentlichen, auf seinen Homepages www.bg-amtsschimmel.com und www. ger-al. com. 3) [&hellip;]<\/p>\n","protected":false},"author":2,"featured_media":0,"comment_status":"closed","ping_status":"closed","sticky":false,"template":"","format":"standard","meta":{"_mi_skip_tracking":false},"categories":[1],"tags":[],"_links":{"self":[{"href":"https:\/\/www.bg-amtsschimmel.com\/index.php?rest_route=\/wp\/v2\/posts\/321"}],"collection":[{"href":"https:\/\/www.bg-amtsschimmel.com\/index.php?rest_route=\/wp\/v2\/posts"}],"about":[{"href":"https:\/\/www.bg-amtsschimmel.com\/index.php?rest_route=\/wp\/v2\/types\/post"}],"author":[{"embeddable":true,"href":"https:\/\/www.bg-amtsschimmel.com\/index.php?rest_route=\/wp\/v2\/users\/2"}],"replies":[{"embeddable":true,"href":"https:\/\/www.bg-amtsschimmel.com\/index.php?rest_route=%2Fwp%2Fv2%2Fcomments&post=321"}],"version-history":[{"count":2,"href":"https:\/\/www.bg-amtsschimmel.com\/index.php?rest_route=\/wp\/v2\/posts\/321\/revisions"}],"predecessor-version":[{"id":329,"href":"https:\/\/www.bg-amtsschimmel.com\/index.php?rest_route=\/wp\/v2\/posts\/321\/revisions\/329"}],"wp:attachment":[{"href":"https:\/\/www.bg-amtsschimmel.com\/index.php?rest_route=%2Fwp%2Fv2%2Fmedia&parent=321"}],"wp:term":[{"taxonomy":"category","embeddable":true,"href":"https:\/\/www.bg-amtsschimmel.com\/index.php?rest_route=%2Fwp%2Fv2%2Fcategories&post=321"},{"taxonomy":"post_tag","embeddable":true,"href":"https:\/\/www.bg-amtsschimmel.com\/index.php?rest_route=%2Fwp%2Fv2%2Ftags&post=321"}],"curies":[{"name":"wp","href":"https:\/\/api.w.org\/{rel}","templated":true}]}}